{"id":10427,"date":"2021-09-20T15:36:55","date_gmt":"2021-09-20T13:36:55","guid":{"rendered":"https:\/\/www.contergan-nrw.eu\/?p=10427"},"modified":"2025-12-03T20:23:59","modified_gmt":"2025-12-03T19:23:59","slug":"vorstandswechsel-beim-bundesverband-contergangeschaedigter-e-v","status":"publish","type":"post","link":"https:\/\/www.contergan-nrw.eu\/?p=10427","title":{"rendered":"Vorstandswechsel beim Bundesverband Contergangesch\u00e4digter e.V."},"content":{"rendered":"<p style=\"font-weight: 400;\">Hallo zusammen<\/p>\n<p style=\"font-weight: 400;\">am vergangenen Samstag fand die Jahreshauptversammlung des Bundesverband Contergangesch\u00e4digter e.V. statt.<\/p>\n<p style=\"font-weight: 400;\">Ich freue mich, Euch den neuen Vorstand mitzuteilen:<\/p>\n<p style=\"font-weight: 400;\">Udo Herterich (1. Vorsitzender)<\/p>\n<p style=\"font-weight: 400;\">Karl Wilhelm \u00a0Hinsch (Kalli) und Klaus Michels \u00a0(beide stell. Vorsitzende)<\/p>\n<p style=\"font-weight: 400;\">Joe Trebes (Verm\u00f6gensverwalter)<\/p>\n<p style=\"font-weight: 400;\">Wir haben uns \u00fcber das Vertrauen der Delegierten sehr gefreut und danken dem alten Vorstand f\u00fcr seinen Einsatz und Engagement.<\/p>\n<p style=\"font-weight: 400;\">Noch hatten wir nat\u00fcrlich keine Vorstandssitzung, aber ich kann schon f\u00fcr ALLE sagen, dass wir uns f\u00fcr die Zukunft einen wertsch\u00e4tzenden und respektvollen Umgang miteinander w\u00fcnschen, auch\u00a0wenn wir nicht immer einer Meinung sind oder sein werden.<\/p>\n<p style=\"font-weight: 400;\">Wir meinen:\u00a0die bunte Mischung macht\u2018s &#8211; also gut vernetzt, verbunden und durchaus auch mal kontroverser Meinung. Das f\u00f6rdert den gemeinsamen Austausch und erweitert den solidarischen Blick f\u00fcreinander.<\/p>\n<p style=\"font-weight: 400;\">Lasst uns den Blick nach vorne richten und an ALLE denken, die nicht so gut in der Lage sind, f\u00fcr sich zu sprechen und auch ihnen eine Stimme geben.<\/p>\n<p style=\"font-weight: 400;\">Passt auf euch auf und bleibt gesund und munter<\/p>\n<p style=\"font-weight: 400;\">F\u00fcr den Vorstand des\u00a0Bundesverband Contergangesch\u00e4digter e.V.<\/p>\n<p style=\"font-weight: 400;\">\u00a0Udo Herterich<\/p>\n<ol>\n<li style=\"font-weight: 400;\">Vorsitzender<\/li>\n<\/ol>\n<p style=\"font-weight: 400;\">Maternusstr. 9<\/p>\n<p style=\"font-weight: 400;\">50996 K\u00f6ln<\/p>\n<p style=\"font-weight: 400;\">Telefon 0221 \u2013 37 98 59 47<\/p>\n<p style=\"font-weight: 400;\">\u00a0Wir haben noch keine neue email-Adressen. Also nutzt bitte die bekannten Kan\u00e4le und Adressen bis dahin.<\/p>\n<p style=\"font-weight: 400;\">\n","protected":false},"excerpt":{"rendered":"<p>Hallo zusammen am vergangenen Samstag fand die Jahreshauptversammlung des Bundesverband Contergangesch\u00e4digter e.V. statt. Ich freue mich, Euch den neuen Vorstand mitzuteilen: Udo Herterich (1. Vorsitzender) Karl Wilhelm \u00a0Hinsch (Kalli) und Klaus Michels \u00a0(beide stell. Vorsitzende) Joe Trebes (Verm\u00f6gensverwalter) Wir haben uns \u00fcber das Vertrauen der Delegierten sehr gefreut und danken dem alten Vorstand f\u00fcr seinen [&hellip;]<\/p>\n","protected":false},"author":1,"featured_media":5687,"comment_status":"closed","ping_status":"open","sticky":false,"template":"","format":"standard","meta":{"footnotes":""},"categories":[76],"tags":[1591,1590,1592],"class_list":["post-10427","post","type-post","status-publish","format-standard","has-post-thumbnail","hentry","category-news-archiv","tag-bundesverband","tag-vorstand","tag-vorstandswechsel"],"publishpress_future_action":{"enabled":false,"date":"2026-09-13 20:27:41","action":"change-status","newStatus":"draft","terms":[],"taxonomy":"category","extraData":[]},"publishpress_future_workflow_manual_trigger":{"enabledWorkflows":[]},"_links":{"self":[{"href":"https:\/\/www.contergan-nrw.eu\/index.php?rest_route=\/wp\/v2\/posts\/10427","targetHints":{"allow":["GET"]}}],"collection":[{"href":"https:\/\/www.contergan-nrw.eu\/index.php?rest_route=\/wp\/v2\/posts"}],"about":[{"href":"https:\/\/www.contergan-nrw.eu\/index.php?rest_route=\/wp\/v2\/types\/post"}],"author":[{"embeddable":true,"href":"https:\/\/www.contergan-nrw.eu\/index.php?rest_route=\/wp\/v2\/users\/1"}],"replies":[{"embeddable":true,"href":"https:\/\/www.contergan-nrw.eu\/index.php?rest_route=%2Fwp%2Fv2%2Fcomments&post=10427"}],"version-history":[{"count":3,"href":"https:\/\/www.contergan-nrw.eu\/index.php?rest_route=\/wp\/v2\/posts\/10427\/revisions"}],"predecessor-version":[{"id":10429,"href":"https:\/\/www.contergan-nrw.eu\/index.php?rest_route=\/wp\/v2\/posts\/10427\/revisions\/10429"}],"wp:featuredmedia":[{"embeddable":true,"href":"https:\/\/www.contergan-nrw.eu\/index.php?rest_route=\/wp\/v2\/media\/5687"}],"wp:attachment":[{"href":"https:\/\/www.contergan-nrw.eu\/index.php?rest_route=%2Fwp%2Fv2%2Fmedia&parent=10427"}],"wp:term":[{"taxonomy":"category","embeddable":true,"href":"https:\/\/www.contergan-nrw.eu\/index.php?rest_route=%2Fwp%2Fv2%2Fcategories&post=10427"},{"taxonomy":"post_tag","embeddable":true,"href":"https:\/\/www.contergan-nrw.eu\/index.php?rest_route=%2Fwp%2Fv2%2Ftags&post=10427"}],"curies":[{"name":"wp","href":"https:\/\/api.w.org\/{rel}","templated":true}]}}