{"id":10296,"date":"2021-07-08T14:07:54","date_gmt":"2021-07-08T12:07:54","guid":{"rendered":"https:\/\/www.contergan-nrw.eu\/?p=10296"},"modified":"2025-12-03T20:17:06","modified_gmt":"2025-12-03T19:17:06","slug":"noch-plaetze-frei-fuer-gehoerlose-menschen-video-sprechstunde-zu-physiotherapie-verordnungen-am-dienstag-13-07-2021-von-14-00-16-30-uhr","status":"publish","type":"post","link":"https:\/\/www.contergan-nrw.eu\/?p=10296","title":{"rendered":"Noch Pl\u00e4tze frei!  F\u00fcr geh\u00f6rlose Menschen:  Video-Sprechstunde zu Physiotherapie-Verordnungen am Dienstag, 13.07.2021 von 14.00 &#8211; 16.30 Uhr"},"content":{"rendered":"<p style=\"text-align: center;\"><strong><span data-originalfontsize=\"28pt\" data-originalcomputedfontsize=\"37.33333206176758\">Noch einige Pl\u00e4tze frei!!<\/span><\/strong><\/p>\n<p style=\"text-align: center;\"><strong>\u00a0<\/strong><\/p>\n<p style=\"text-align: center;\"><strong><u><span data-originalfontsize=\"20pt\" data-originalcomputedfontsize=\"26.66666603088379\">Speziell f\u00fcr geh\u00f6rlose Menschen:<\/span><\/u><\/strong><\/p>\n<p style=\"text-align: center;\"><strong>\u00a0<\/strong><\/p>\n<p style=\"text-align: center;\"><strong><span data-originalfontsize=\"16pt\" data-originalcomputedfontsize=\"21.33333396911621\">Einladung zur Video-Sprechstunde<\/span><\/strong><\/p>\n<p style=\"text-align: center;\"><strong>\u00a0<\/strong><\/p>\n<p style=\"text-align: center;\"><strong><u><span data-originalfontsize=\"16pt\" data-originalcomputedfontsize=\"21.33333396911621\">mit Geb\u00e4rdensprachdolmetscher<\/span><\/u><\/strong><\/p>\n<p style=\"text-align: center;\"><strong><span data-originalfontsize=\"16pt\" data-originalcomputedfontsize=\"21.33333396911621\">am Dienstag, 13.07.2021 von 14.00 &#8211; 16.30 Uhr<\/span><\/strong><\/p>\n<p style=\"text-align: center;\"><strong>\u00a0<\/strong><\/p>\n<p style=\"text-align: center;\"><strong><u><span data-originalfontsize=\"20pt\" data-originalcomputedfontsize=\"26.66666603088379\">Thema:<\/span><\/u><\/strong><\/p>\n<p style=\"text-align: center;\"><strong><u><span data-originalfontsize=\"20pt\" data-originalcomputedfontsize=\"26.66666603088379\">Langzeit-Verordnungen f\u00fcr Physio- und Ergotherapie<\/span><\/u><\/strong><\/p>\n<p>&nbsp;<\/p>\n<p>&nbsp;<\/p>\n<p>&nbsp;<\/p>\n<p style=\"text-align: center;\"><span data-originalfontsize=\"12pt\" data-originalcomputedfontsize=\"16\">Viele Menschen mit Contergansch\u00e4digung brauchen Physiotherapie oder Ergotherapie. Und sie brauchen die Behandlungen auf Dauer, also f\u00fcr einen langen Zeitraum. <\/span><\/p>\n<p style=\"text-align: center;\"><span data-originalfontsize=\"12pt\" data-originalcomputedfontsize=\"16\">Aber: Oft ist es schwer, vom Arzt die Verordnungen zu bekommen (also die Rezepte f\u00fcr Physiotherapie).<br \/>\nGrund: Viele \u00c4rzte wissen nicht, dass sie contergangesch\u00e4digten Menschen Rezepte \u00fcber 3 Monate ausstellen d\u00fcrfen.<\/span><\/p>\n<p>&nbsp;<\/p>\n<p style=\"text-align: center;\"><strong><span data-originalfontsize=\"16pt\" data-originalcomputedfontsize=\"21.33333396911621\">In der Video- Sprechstunde erkl\u00e4re ich Euch,<br \/>\nwie Euer Arzt Physiotherapie-Rezepte \u00fcber jeweils 3 Monate ausstellen kann f\u00fcr Euch.<\/span><\/strong><\/p>\n<p style=\"text-align: center;\"><span data-originalfontsize=\"12pt\" data-originalcomputedfontsize=\"16\">Die Video-Sprechstunde geht \u00fcber Zoom. Ihr braucht nichts zu installieren oder herunterzuladen. <\/span><\/p>\n<p style=\"text-align: center;\"><strong><span data-originalfontsize=\"12pt\" data-originalcomputedfontsize=\"16\">Meldet Euch bitte einfach per Mail \u00fcber diesen Link an:<\/span><\/strong><\/p>\n<p style=\"text-align: center;\"><span data-originalfontsize=\"12pt\" data-originalcomputedfontsize=\"16\">Die Video-Sprechstunde geht \u00fcber Zoom. Ihr braucht nichts zu installieren oder herunterzuladen. <\/span><\/p>\n<p style=\"text-align: center;\"><strong><span data-originalfontsize=\"12pt\" data-originalcomputedfontsize=\"16\">Meldet Euch bitte einfach per Mail \u00fcber diesen Link an:<\/span><\/strong><\/p>\n<p style=\"text-align: center;\"><strong><em><span data-originalfontsize=\"12pt\" data-originalcomputedfontsize=\"16\">Anmeldung:\u00a0 \u00a0<\/span><\/em><\/strong><a href=\"mailto:a.engel@behandlungszentrum-contergan-nrw.eu\"><strong><em><span data-originalfontsize=\"12pt\" data-originalcomputedfontsize=\"16\">a.engel@behandlungszentrum-contergan-nrw.eu<\/span><\/em><\/strong><\/a><\/p>\n<p>&nbsp;<\/p>\n<p style=\"text-align: center;\"><span data-originalfontsize=\"12pt\" data-originalcomputedfontsize=\"16\">Dann schicken wir Euch den Einladungslink zum Zoom-Meeting zu. <\/span><\/p>\n<p style=\"text-align: center;\"><strong><span data-originalfontsize=\"12pt\" data-originalcomputedfontsize=\"16\">Am Dienstag um 14 Uhr m\u00fc\u00dft Ihr dann nur auf den Einladungslink klicken. <\/span><\/strong><\/p>\n<p style=\"text-align: center;\"><span data-originalfontsize=\"12pt\" data-originalcomputedfontsize=\"16\">Und dann sehen wir uns in Bild und Ton.<\/span><\/p>\n<p>&nbsp;<\/p>\n<p style=\"text-align: center;\"><strong><span data-originalfontsize=\"14pt\" data-originalcomputedfontsize=\"18.66666603088379\">Die Geb\u00e4rdensprachdolmetscherin Maggie Meisen wird f\u00fcr uns dolmetschen. <\/span><\/strong><\/p>\n<p style=\"text-align: center;\"><strong><span data-originalfontsize=\"14pt\" data-originalcomputedfontsize=\"18.66666603088379\">Damit alles gut verstanden wird. <\/span><\/strong><strong><span data-originalfontsize=\"14pt\" data-originalcomputedfontsize=\"18.66666603088379\">\ud83d\ude0a<\/span><\/strong><\/p>\n<p style=\"text-align: center;\"><strong>\u00a0<\/strong><\/p>\n<p style=\"text-align: center;\"><span data-originalfontsize=\"12pt\" data-originalcomputedfontsize=\"16\">Mein Name ist Irmela Aurich. Ich bin Koordinatorin des Ambulanten Zentrums f\u00fcr contergangesch\u00e4digte Menschen in N\u00fcmbrecht.<\/span><\/p>\n<p style=\"text-align: center;\"><span data-originalfontsize=\"12pt\" data-originalcomputedfontsize=\"16\">Ich freue mich schon sehr auf den Kontakt mit Euch.<\/span><\/p>\n<p>&nbsp;<\/p>\n<p style=\"text-align: center;\"><span data-originalfontsize=\"12pt\" data-originalcomputedfontsize=\"16\">Im Ambulanten Zentrum f\u00fcr contergangesch\u00e4digte Menschen k\u00f6nnen wir unseren Patienten <\/span><\/p>\n<p style=\"text-align: center;\"><span data-originalfontsize=\"12pt\" data-originalcomputedfontsize=\"16\">auch Langzeitverordnungen ausstellen. Deshalb unterst\u00fctzen wir Euch gerne bei diesem Thema.<\/span><\/p>\n<p style=\"text-align: center;\"><span data-originalfontsize=\"12pt\" data-originalcomputedfontsize=\"16\">Zu weiteren Fragen (z.B. testen der Videokonferenz) k\u00f6nnt Ihr uns gerne eine Mail schreiben.<\/span><\/p>\n<p style=\"text-align: center;\"><span data-originalfontsize=\"12pt\" data-originalcomputedfontsize=\"16\">Liebe Gr\u00fc\u00dfe und bis Dienstag n\u00e4chster Woche!<\/span><\/p>\n<p style=\"text-align: center;\"><span data-originalfontsize=\"12pt\" data-originalcomputedfontsize=\"16\">Irmela Aurich<\/span><\/p>\n<p style=\"text-align: center;\">\n","protected":false},"excerpt":{"rendered":"<p>Noch einige Pl\u00e4tze frei!! \u00a0 Speziell f\u00fcr geh\u00f6rlose Menschen: \u00a0 Einladung zur Video-Sprechstunde \u00a0 mit Geb\u00e4rdensprachdolmetscher am Dienstag, 13.07.2021 von 14.00 &#8211; 16.30 Uhr \u00a0 Thema: Langzeit-Verordnungen f\u00fcr Physio- und Ergotherapie &nbsp; &nbsp; &nbsp; Viele Menschen mit Contergansch\u00e4digung brauchen Physiotherapie oder Ergotherapie. Und sie brauchen die Behandlungen auf Dauer, also f\u00fcr einen langen Zeitraum. Aber: [&hellip;]<\/p>\n","protected":false},"author":1,"featured_media":5687,"comment_status":"closed","ping_status":"open","sticky":false,"template":"","format":"standard","meta":{"footnotes":""},"categories":[389],"tags":[1569,983],"class_list":["post-10296","post","type-post","status-publish","format-standard","has-post-thumbnail","hentry","category-veranstaltungs-archiv","tag-langzeitverordnung","tag-zoom"],"publishpress_future_action":{"enabled":false,"date":"2026-09-13 16:13:15","action":"change-status","newStatus":"draft","terms":[],"taxonomy":"category","extraData":[]},"publishpress_future_workflow_manual_trigger":{"enabledWorkflows":[]},"_links":{"self":[{"href":"https:\/\/www.contergan-nrw.eu\/index.php?rest_route=\/wp\/v2\/posts\/10296","targetHints":{"allow":["GET"]}}],"collection":[{"href":"https:\/\/www.contergan-nrw.eu\/index.php?rest_route=\/wp\/v2\/posts"}],"about":[{"href":"https:\/\/www.contergan-nrw.eu\/index.php?rest_route=\/wp\/v2\/types\/post"}],"author":[{"embeddable":true,"href":"https:\/\/www.contergan-nrw.eu\/index.php?rest_route=\/wp\/v2\/users\/1"}],"replies":[{"embeddable":true,"href":"https:\/\/www.contergan-nrw.eu\/index.php?rest_route=%2Fwp%2Fv2%2Fcomments&post=10296"}],"version-history":[{"count":3,"href":"https:\/\/www.contergan-nrw.eu\/index.php?rest_route=\/wp\/v2\/posts\/10296\/revisions"}],"predecessor-version":[{"id":10298,"href":"https:\/\/www.contergan-nrw.eu\/index.php?rest_route=\/wp\/v2\/posts\/10296\/revisions\/10298"}],"wp:featuredmedia":[{"embeddable":true,"href":"https:\/\/www.contergan-nrw.eu\/index.php?rest_route=\/wp\/v2\/media\/5687"}],"wp:attachment":[{"href":"https:\/\/www.contergan-nrw.eu\/index.php?rest_route=%2Fwp%2Fv2%2Fmedia&parent=10296"}],"wp:term":[{"taxonomy":"category","embeddable":true,"href":"https:\/\/www.contergan-nrw.eu\/index.php?rest_route=%2Fwp%2Fv2%2Fcategories&post=10296"},{"taxonomy":"post_tag","embeddable":true,"href":"https:\/\/www.contergan-nrw.eu\/index.php?rest_route=%2Fwp%2Fv2%2Ftags&post=10296"}],"curies":[{"name":"wp","href":"https:\/\/api.w.org\/{rel}","templated":true}]}}