{"id":10268,"date":"2021-06-22T17:16:47","date_gmt":"2021-06-22T15:16:47","guid":{"rendered":"https:\/\/www.contergan-nrw.eu\/?p=10268"},"modified":"2025-12-03T20:21:45","modified_gmt":"2025-12-03T19:21:45","slug":"save-the-days-einladung-workshop-ploetzlich-chefin","status":"publish","type":"post","link":"https:\/\/www.contergan-nrw.eu\/?p=10268","title":{"rendered":"Save the days &#8211; Einladung Workshop &#8211; &#8222;Pl\u00f6tzlich Chef(in)&#8220;"},"content":{"rendered":"<p style=\"font-weight: 400;\"><strong>Einladung Workshop<\/strong><\/p>\n<p style=\"font-weight: 400;\"><strong>\u201ePl\u00f6tzlich Chef(in), schwierige Situation kl\u00e4ren und aufl\u00f6sen\u201c<\/strong><\/p>\n<p style=\"font-weight: 400;\"><strong>\u00a0<\/strong><\/p>\n<p style=\"font-weight: 400;\">Sie haben es geschafft, und endlich eine pers\u00f6nliche Assistentin \/ einen pers\u00f6nlichen Assistenten eingestellt? Sie managen sogar ein ganzes Helfer-Team? Als ob das organisatorisch noch nicht schwierig genug sei, gibt es auch noch Probleme mit dem Assistenten, der Assistentin? Es l\u00e4uft nicht so, wie Sie es sich w\u00fcnschen? Sie w\u00fcrden gern Feedback geben oder Kritik \u00fcben, wissen aber nicht wie?<\/p>\n<p style=\"font-weight: 400;\">Dann k\u00f6nnte der online-Workshop<\/p>\n<p style=\"font-weight: 400;\">\u201ePl\u00f6tzlich Chef(in), schwierige Situation kl\u00e4ren und aufl\u00f6sen\u201c<\/p>\n<p style=\"font-weight: 400;\">hilfreiche Unterst\u00fctzung bieten.<\/p>\n<p style=\"font-weight: 400;\">Wir werden praxisbezogen\u00a0<strong>konkrete eigene<\/strong>\u00a0Anliegen\/Probleme\u00a0<span style=\"text-decoration: line-through;\">i<\/span>m Umgang mit Assistentinnen\/ Assistenten besprechen, mit dem Ziel angemessenes L\u00f6sungsideen zu entwickeln.<\/p>\n<p style=\"font-weight: 400;\">Situationsbezogen werden theoretische Erl\u00e4uterungen eingef\u00fcgt, um (Kommunikations-)Verhalten besser verstehen zu k\u00f6nnen.<\/p>\n<p style=\"font-weight: 400;\">Fachlich unterst\u00fctzt werden wir durch Kay Kleine. Er ist erfahrener Berater und Coach.<\/p>\n<p style=\"font-weight: 400;\">\u00a0 (\u00a0<a href=\"http:\/\/www.kaykleine.de\/\" data-saferedirecturl=\"https:\/\/www.google.com\/url?q=http:\/\/www.kaykleine.de\/&amp;source=gmail&amp;ust=1624461087549000&amp;usg=AFQjCNHzxaY6nVfrfFmzwD4SrfRWHlOXfw\">http:\/\/www.kaykleine.de\/<\/a>\u00a0)<\/p>\n<p style=\"font-weight: 400;\">Termin: Freitag, 20.8.2021 von 18:00-21:00 Uhr<\/p>\n<p style=\"font-weight: 400;\">\u00a0\u00a0\u00a0\u00a0\u00a0\u00a0\u00a0\u00a0\u00a0 und weiter<\/p>\n<p style=\"font-weight: 400;\">\u00a0\u00a0\u00a0\u00a0\u00a0\u00a0\u00a0\u00a0\u00a0 Samstag, 21.08.2021 von 10:00-13:00 Uhr<\/p>\n<p style=\"font-weight: 400;\">Aufgrund des Onlineformats und der Arbeitsweise ist die Teilnehmerzahl begrenzt auf 10 Personen!!!<\/p>\n<p style=\"font-weight: 400;\">Auch wenn die Teilnahme kostenfrei ist, bitten wir um verbindliche Anmeldungen.<\/p>\n<p style=\"font-weight: 400;\">Lieben Gru\u00df!<\/p>\n<p style=\"font-weight: 400;\">Sabine G\u00f6bber<\/p>\n<p style=\"font-weight: 400;\"><strong>Anmeldungen bitte an:<\/strong><\/p>\n<p style=\"font-weight: 400;\">Barbara Wenzel-Heyberg<\/p>\n<p style=\"font-weight: 400;\">Telefon:\u00a0\u00a0\u00a0\u00a0\u00a0\u00a0\u00a0 02268 \u2013 909 42 88<\/p>\n<p style=\"font-weight: 400;\">Telefax:\u00a0\u00a0\u00a0\u00a0\u00a0\u00a0\u00a0\u00a0\u00a0\u00a0\u00a0\u00a0\u00a0\u00a0\u00a0\u00a0\u00a0 02268 \u2013 909 42 87<\/p>\n<p style=\"font-weight: 400;\">E-Mail:\u00a0<a href=\"mailto:bwh@contergan-nrw-peer-to-peer.eu\">bwh@contergan-nrw-peer-to-peer.eu<\/a><\/p>\n<p style=\"font-weight: 400;\"><strong>Fragen zum Kurs bitte an:<\/strong><\/p>\n<p style=\"font-weight: 400;\">Sabine G\u00f6bber<\/p>\n<p style=\"font-weight: 400;\">Telefon:\u00a0\u00a0\u00a0\u00a0\u00a0\u00a0\u00a0 02428 \u2013 9021470<\/p>\n<p style=\"font-weight: 400;\">Handy:\u00a0\u00a0\u00a0\u00a0\u00a0\u00a0\u00a0\u00a0\u00a0 0171 \u2013 3080816<\/p>\n<p style=\"font-weight: 400;\">E-Mail:\u00a0<a href=\"mailto:s.goebber@contergan-nrw-peer-to-peer.eu\">s.goebber@contergan-nrw-peer-to-peer.eu<\/a><\/p>\n<p style=\"font-weight: 400;\">Interessenverband Contergangesch\u00e4digter<\/p>\n<p style=\"font-weight: 400;\">Nordrhein-Westfalen e.V.<\/p>\n<p style=\"font-weight: 400;\">Hilfswerk f\u00fcr vorgeburtlich Gesch\u00e4digte<\/p>\n<p style=\"font-weight: 400;\">Peer- to-Peer-Beratungsangebot<\/p>\n<p style=\"font-weight: 400;\">Sabine G\u00f6bber<\/p>\n<p style=\"font-weight: 400;\">Diplom-Sozialp\u00e4dagogin<\/p>\n<p style=\"font-weight: 400;\">Krankenschwester<\/p>\n<p style=\"font-weight: 400;\">Ref. f\u00fcr Gesundheits- und Sozialmanagement<\/p>\n<p style=\"font-weight: 400;\">Mobil:\u00a0 +49 171-3080816<\/p>\n<p style=\"font-weight: 400;\">Tel.: \u00a0\u00a0\u00a0\u00a0\u00a0 \u00a0+49 2428-9021470<\/p>\n<p style=\"font-weight: 400;\">Fax:\u00a0\u00a0\u00a0\u00a0\u00a0\u00a0\u00a0 +49 2428-9021480<\/p>\n<p style=\"font-weight: 400;\">Mail:\u00a0\u00a0\u00a0\u00a0\u00a0\u00a0\u00a0<a href=\"mailto:s.goebber@contergan-nrw-peer-to-peer.eu\">s.goebber@contergan-nrw-peer-to-peer.eu<\/a><\/p>\n","protected":false},"excerpt":{"rendered":"<p>Einladung Workshop \u201ePl\u00f6tzlich Chef(in), schwierige Situation kl\u00e4ren und aufl\u00f6sen\u201c \u00a0 Sie haben es geschafft, und endlich eine pers\u00f6nliche Assistentin \/ einen pers\u00f6nlichen Assistenten eingestellt? Sie managen sogar ein ganzes Helfer-Team? Als ob das organisatorisch noch nicht schwierig genug sei, gibt es auch noch Probleme mit dem Assistenten, der Assistentin? Es l\u00e4uft nicht so, wie Sie [&hellip;]<\/p>\n","protected":false},"author":1,"featured_media":0,"comment_status":"closed","ping_status":"open","sticky":false,"template":"","format":"standard","meta":{"footnotes":""},"categories":[389],"tags":[1565,1557,1564,491],"class_list":["post-10268","post","type-post","status-publish","format-standard","hentry","category-veranstaltungs-archiv","tag-assistentin","tag-chef","tag-persoenlichen-assistenten","tag-workshop"],"publishpress_future_action":{"enabled":false,"date":"2026-09-13 16:13:40","action":"change-status","newStatus":"draft","terms":[],"taxonomy":"category","extraData":[]},"publishpress_future_workflow_manual_trigger":{"enabledWorkflows":[]},"_links":{"self":[{"href":"https:\/\/www.contergan-nrw.eu\/index.php?rest_route=\/wp\/v2\/posts\/10268","targetHints":{"allow":["GET"]}}],"collection":[{"href":"https:\/\/www.contergan-nrw.eu\/index.php?rest_route=\/wp\/v2\/posts"}],"about":[{"href":"https:\/\/www.contergan-nrw.eu\/index.php?rest_route=\/wp\/v2\/types\/post"}],"author":[{"embeddable":true,"href":"https:\/\/www.contergan-nrw.eu\/index.php?rest_route=\/wp\/v2\/users\/1"}],"replies":[{"embeddable":true,"href":"https:\/\/www.contergan-nrw.eu\/index.php?rest_route=%2Fwp%2Fv2%2Fcomments&post=10268"}],"version-history":[{"count":3,"href":"https:\/\/www.contergan-nrw.eu\/index.php?rest_route=\/wp\/v2\/posts\/10268\/revisions"}],"predecessor-version":[{"id":10270,"href":"https:\/\/www.contergan-nrw.eu\/index.php?rest_route=\/wp\/v2\/posts\/10268\/revisions\/10270"}],"wp:attachment":[{"href":"https:\/\/www.contergan-nrw.eu\/index.php?rest_route=%2Fwp%2Fv2%2Fmedia&parent=10268"}],"wp:term":[{"taxonomy":"category","embeddable":true,"href":"https:\/\/www.contergan-nrw.eu\/index.php?rest_route=%2Fwp%2Fv2%2Fcategories&post=10268"},{"taxonomy":"post_tag","embeddable":true,"href":"https:\/\/www.contergan-nrw.eu\/index.php?rest_route=%2Fwp%2Fv2%2Ftags&post=10268"}],"curies":[{"name":"wp","href":"https:\/\/api.w.org\/{rel}","templated":true}]}}