{"id":10179,"date":"2021-04-27T18:28:34","date_gmt":"2021-04-27T16:28:34","guid":{"rendered":"https:\/\/www.contergan-nrw.eu\/?p=10179"},"modified":"2021-07-22T14:40:17","modified_gmt":"2021-07-22T12:40:17","slug":"kennenlerntreffen-im-virtuellem-hundecafe-am-04-05-2021-von-1400-uhr-bis-1600-uhr","status":"publish","type":"post","link":"https:\/\/www.contergan-nrw.eu\/?p=10179","title":{"rendered":"Kennenlerntreffen im virtuellem &#8222;Hundecaf\u00e9&#8220; am 04.05.2021 von 14:00 Uhr bis 16:00 Uhr"},"content":{"rendered":"<p>&nbsp;<\/p>\n<p><img loading=\"lazy\" decoding=\"async\" class=\"aligncenter size-full wp-image-10180\" src=\"http:\/\/2026.contergan-nrw.eu\/wp-content\/uploads\/2021\/04\/Hund_02.png\" alt=\"\" width=\"191\" height=\"239\" \/><\/p>\n<p>&nbsp;<\/p>\n<p style=\"font-weight: 400; text-align: center;\"><strong>Achtung! Achtung! Er\u00f6<\/strong><strong>ffnung des Hundecaf\u00e9s<\/strong><\/p>\n<p style=\"font-weight: 400; text-align: center;\"><strong>\u00a0<\/strong><\/p>\n<p style=\"font-weight: 400; text-align: center;\"><strong>Kennenlerntreffen \u201evisuell\u201c am<\/strong><\/p>\n<p style=\"font-weight: 400; text-align: center;\"><strong>Dienstag, 04.05.2021 von 14:00 Uhr \u201316:00 Uhr<\/strong><\/p>\n<p style=\"font-weight: 400; text-align: center;\"><strong>Wir er\u00f6ffnen das Hundecaf\u00e8 \u2013 eingeladen sind alle Hundefreunde!<\/strong><\/p>\n<p style=\"font-weight: 400;\"><strong>\u00a0<\/strong><\/p>\n<p style=\"font-weight: 400; text-align: center;\"><strong>Hallo liebe Hundefreunde,<\/strong><\/p>\n<p style=\"font-weight: 400; text-align: center;\">h\u00e4ttet ihr Spa\u00df daran euch in einer lockeren\u00a0<strong>\u201evirtuellen\u201c Runde<\/strong>\u00a0\u00fcber eure Lieblinge auszutauschen?<\/p>\n<p style=\"font-weight: 400; text-align: center;\">Wir k\u00f6nnen uns im Augenblick nicht in der freien Natur treffen, aber vielleicht gibt es Themen\u00a0<strong>\u201eRund um den Hund\u201c<\/strong>\u00a0die wir gemeinsam\u00a0<strong>\u201evirtuell\u201c<\/strong>\u00a0besprechen k\u00f6nnen.<\/p>\n<p style=\"font-weight: 400; text-align: center;\"><strong>Gerne m\u00f6chte ich deshalb unser \u201evirtuelles\u201c Hundecaf\u00e9\u201c er\u00f6ffnen und euch zum Kennenlerntreffen herzlich einladen!<\/strong><\/p>\n<p style=\"font-weight: 400; text-align: center;\">Wie das Wort\u00a0<strong>\u201eKennenlerntreffen\u201c<\/strong>\u00a0schon sagt \u2013 wollen wir genau das! Euch und eure Fellnasen kennenlernen. Zusammen k\u00f6nnen wir uns dann an euren Themen rantasten. Gerne k\u00f6nnt ihr mir bei der Anmeldung m\u00f6gliche Themen oder Fragen mitteilen, die wir dann gemeinschaftlich besprechen k\u00f6nnen.<\/p>\n<p style=\"font-weight: 400; text-align: center;\">Wir treffen uns auf einer gesch\u00fctzten Videoplattform. Ihr braucht nichts zu installieren oder herunterzuladen. Ihr werdet nach Anmeldung von mir eine Anleitung und einen Einladungslink (per Mail) bekommen, auf den man dann zur verabredeten Zeit nur klicken muss. Schon sehen wir uns in Bild und Ton!<\/p>\n<p style=\"font-weight: 400; text-align: center;\">Mein Name ist\u00a0<strong>Andrea Engel<\/strong>, und freue mich schon sehr auf einen regen Austausch.<\/p>\n<p style=\"font-weight: 400; text-align: center;\"><strong><em>Anmeldungen zum Treffen im Hundecaf\u00e9 bitte an:\u00a0<\/em><\/strong><a href=\"mailto:a.engel@contergan-nrw.eu\"><strong><em>a.engel@contergan-nrw.eu<\/em><\/strong><\/a><\/p>\n<p style=\"font-weight: 400; text-align: center;\">Zu weiteren Fragen (z.B. testen der Videokonferenz) k\u00f6nnt Ihr mich auch gerne telefonisch kontaktieren (<strong>Tel. 0151 42 52 54 32<\/strong>).<\/p>\n<p style=\"font-weight: 400; text-align: center;\">Liebe Gr\u00fc\u00dfe und bis Dienstag!<\/p>\n<p style=\"font-weight: 400; text-align: center;\">Andrea Engel<\/p>\n<p style=\"font-weight: 400;\">==========================================================================<\/p>\n<p style=\"font-weight: 400;\">Andrea Engel<\/p>\n<p style=\"font-weight: 400;\">Interessenverband Contergangesch\u00e4digter<\/p>\n<p style=\"font-weight: 400;\">Nordrhein-Westfalen e.V.<\/p>\n<p style=\"font-weight: 400;\">Hilfswerk f\u00fcr vorgeburtlich Gesch\u00e4digte<\/p>\n<p style=\"font-weight: 400;\">Telefon: 02241 \/ 23 57 461<\/p>\n<p style=\"font-weight: 400;\">Telefax: 02241 \/ 31 94 051<\/p>\n<p style=\"font-weight: 400;\">Mobil: 0151 \/ 42 52 54 32<\/p>\n<p style=\"font-weight: 400;\"><a href=\"http:\/\/2026.contergan-nrw.eu\/\" data-saferedirecturl=\"https:\/\/www.google.com\/url?q=http:\/\/2026.contergan-nrw.eu&amp;source=gmail&amp;ust=1619627120409000&amp;usg=AFQjCNGDswAksz19CnStoOthTvfY0Gd76Q\">www.contergan-nrw.eu<\/a><\/p>\n","protected":false},"excerpt":{"rendered":"<p>&nbsp; &nbsp; Achtung! Achtung! Er\u00f6ffnung des Hundecaf\u00e9s \u00a0 Kennenlerntreffen \u201evisuell\u201c am Dienstag, 04.05.2021 von 14:00 Uhr \u201316:00 Uhr Wir er\u00f6ffnen das Hundecaf\u00e8 \u2013 eingeladen sind alle Hundefreunde! \u00a0 Hallo liebe Hundefreunde, h\u00e4ttet ihr Spa\u00df daran euch in einer lockeren\u00a0\u201evirtuellen\u201c Runde\u00a0\u00fcber eure Lieblinge auszutauschen? Wir k\u00f6nnen uns im Augenblick nicht in der freien Natur treffen, aber [&hellip;]<\/p>\n","protected":false},"author":1,"featured_media":5687,"comment_status":"closed","ping_status":"open","sticky":false,"template":"","format":"standard","meta":{"footnotes":""},"categories":[76],"tags":[1542,391,1543,1378],"class_list":["post-10179","post","type-post","status-publish","format-standard","has-post-thumbnail","hentry","category-news-archiv","tag-hund","tag-hunde","tag-hundecafe","tag-online"],"publishpress_future_action":{"enabled":false,"date":"2026-09-13 16:53:13","action":"change-status","newStatus":"draft","terms":[],"taxonomy":"category","extraData":[]},"publishpress_future_workflow_manual_trigger":{"enabledWorkflows":[]},"_links":{"self":[{"href":"https:\/\/www.contergan-nrw.eu\/index.php?rest_route=\/wp\/v2\/posts\/10179","targetHints":{"allow":["GET"]}}],"collection":[{"href":"https:\/\/www.contergan-nrw.eu\/index.php?rest_route=\/wp\/v2\/posts"}],"about":[{"href":"https:\/\/www.contergan-nrw.eu\/index.php?rest_route=\/wp\/v2\/types\/post"}],"author":[{"embeddable":true,"href":"https:\/\/www.contergan-nrw.eu\/index.php?rest_route=\/wp\/v2\/users\/1"}],"replies":[{"embeddable":true,"href":"https:\/\/www.contergan-nrw.eu\/index.php?rest_route=%2Fwp%2Fv2%2Fcomments&post=10179"}],"version-history":[{"count":3,"href":"https:\/\/www.contergan-nrw.eu\/index.php?rest_route=\/wp\/v2\/posts\/10179\/revisions"}],"predecessor-version":[{"id":10182,"href":"https:\/\/www.contergan-nrw.eu\/index.php?rest_route=\/wp\/v2\/posts\/10179\/revisions\/10182"}],"wp:featuredmedia":[{"embeddable":true,"href":"https:\/\/www.contergan-nrw.eu\/index.php?rest_route=\/wp\/v2\/media\/5687"}],"wp:attachment":[{"href":"https:\/\/www.contergan-nrw.eu\/index.php?rest_route=%2Fwp%2Fv2%2Fmedia&parent=10179"}],"wp:term":[{"taxonomy":"category","embeddable":true,"href":"https:\/\/www.contergan-nrw.eu\/index.php?rest_route=%2Fwp%2Fv2%2Fcategories&post=10179"},{"taxonomy":"post_tag","embeddable":true,"href":"https:\/\/www.contergan-nrw.eu\/index.php?rest_route=%2Fwp%2Fv2%2Ftags&post=10179"}],"curies":[{"name":"wp","href":"https:\/\/api.w.org\/{rel}","templated":true}]}}