{"id":10172,"date":"2021-04-25T16:13:42","date_gmt":"2021-04-25T14:13:42","guid":{"rendered":"https:\/\/www.contergan-nrw.eu\/?p=10172"},"modified":"2025-12-03T20:13:25","modified_gmt":"2025-12-03T19:13:25","slug":"covid-19-priorisierte-impfung-von-assistenzkraeften-in-nrw","status":"publish","type":"post","link":"https:\/\/www.contergan-nrw.eu\/?p=10172","title":{"rendered":"&#8222;Covid-19 &#8211; Priorisierte Impfung von Assistenzkr\u00e4ften in NRW&#8220;"},"content":{"rendered":"<p>Sehr geehrte Damen und Herren,<\/p>\n<p>&nbsp;<\/p>\n<p>wir haben heute folgenden Aktuelles-Beitrag f\u00fcr Sie ver\u00f6ffentlicht:<\/p>\n<p>&nbsp;<\/p>\n<p>Aus dem\u00a0<a href=\"https:\/\/www.contergan-infoportal.de\/fileadmin\/user_upload\/news\/2021_04_23_Klarstellung_Assistenzbedarf_Justizbeschaeftigte.pdf\" data-saferedirecturl=\"https:\/\/www.google.com\/url?q=https:\/\/www.contergan-infoportal.de\/fileadmin\/user_upload\/news\/2021_04_23_Klarstellung_Assistenzbedarf_Justizbeschaeftigte.pdf&amp;source=gmail&amp;ust=1619446254656000&amp;usg=AFQjCNFCRh2nWjyFz3R9-VSA69shpoWmXw\">Erlass<\/a>\u00a0zur \u201eKlarstellung zu berufsindizierten Impfungen der Priorit\u00e4t 2\u201c des Ministeriums f\u00fcr Arbeit, Gesundheit und Soziales des Landes NRW vom 01.04.2021 geht hervor, dass<\/p>\n<p>&nbsp;<\/p>\n<ul>\n<li>Menschen mit Assistenzbedarf, die Leistungen der Eingliederungshilfe in Form eines pers\u00f6nlichen Budgets erhalten (\u00a7 29 Neuntes Buch Sozialgesetzbuch &#8211; SGB IX) oder im Rahmen des Arbeitgebermodells Assistenzkr\u00e4fte besch\u00e4ftigen<\/li>\n<\/ul>\n<p>&nbsp;<\/p>\n<p>sowie<\/p>\n<p>&nbsp;<\/p>\n<ul>\n<li>deren Assistenzkr\u00e4fte<\/li>\n<\/ul>\n<p>&nbsp;<\/p>\n<p>bereits jetzt einen Anspruch auf Impfung haben.<\/p>\n<p>&nbsp;<\/p>\n<p>Als Nachweis muss das entsprechende\u00a0<a href=\"https:\/\/www.contergan-infoportal.de\/fileadmin\/user_upload\/news\/2021_04_23_Arbeitgeberbescheinigung_Assistenzmodell.pdf\" target=\"_blank\" rel=\"noopener\" data-saferedirecturl=\"https:\/\/www.google.com\/url?q=https:\/\/www.contergan-infoportal.de\/fileadmin\/user_upload\/news\/2021_04_23_Arbeitgeberbescheinigung_Assistenzmodell.pdf&amp;source=gmail&amp;ust=1619446254656000&amp;usg=AFQjCNG6AlCTc38EaNM09EbZ6lFvgYlk0Q\">Formblatt<\/a>\u00a0zum Impftermin mitgebracht werden.<\/p>\n<p>&nbsp;<\/p>\n<p>Eine Impfung dieses Personenkreises kann in den Impfzentren des Landes NRW erfolgen. Eine \u00dcbersicht \u00fcber die Impfzentren sowie die erforderlichen Kontaktdaten f\u00fcr die Anmeldung finden Sie auf der\u00a0<a href=\"https:\/\/www.mags.nrw\/coronavirus-impfzentren-nrw\" target=\"_blank\" rel=\"noopener\" data-saferedirecturl=\"https:\/\/www.google.com\/url?q=https:\/\/www.mags.nrw\/coronavirus-impfzentren-nrw&amp;source=gmail&amp;ust=1619446254656000&amp;usg=AFQjCNH-O2S-7Bk-A9g5lNdGeVyIzci0pw\">Internetseite des Ministeriums<\/a><u>.<\/u><\/p>\n<p>&nbsp;<\/p>\n<p>F\u00fcr etwaige Fragen zum Thema \u201eCorona-Pandemie\u201c steht Ihnen der Beratungsbereich der Conterganstiftung gerne zur Verf\u00fcgung (E-Mail:\u00a0<a href=\"mailto:beratung@contergan.bund.de\">beratung@contergan.bund.de<\/a>\u00a0\/ Telefon: 0221 3673-3673).<\/p>\n<p>&nbsp;<\/p>\n<p>Den gleichlautenden Text k\u00f6nnen Sie unter folgendem Link auf dem Contergan-Infoportal abrufen:<\/p>\n<p>&nbsp;<\/p>\n<ul>\n<li><a href=\"https:\/\/www.contergan-infoportal.de\/aktuelles\/covid-19-impfung-von-assistenzkraeften-in-nordrhein-westfalen-nrw\/\" target=\"_blank\" rel=\"noopener\" data-saferedirecturl=\"https:\/\/www.google.com\/url?q=https:\/\/www.contergan-infoportal.de\/aktuelles\/covid-19-impfung-von-assistenzkraeften-in-nordrhein-westfalen-nrw\/&amp;source=gmail&amp;ust=1619446254656000&amp;usg=AFQjCNH3h2Y1KqWvQc4cWESKQAVB61SG3g\">https:\/\/www.contergan-infoportal.de\/aktuelles\/covid-19-impfung-von-assistenzkraeften-in-nordrhein-westfalen-nrw\/<\/a><\/li>\n<\/ul>\n<p>&nbsp;<\/p>\n<p>Mit freundlichen Gr\u00fc\u00dfen<\/p>\n<p>&nbsp;<\/p>\n<p>Claudia Ewalds<\/p>\n<p>&nbsp;<\/p>\n<p>Conterganstiftung f\u00fcr<\/p>\n<p>behinderte Menschen<\/p>\n<p>Gesch\u00e4ftsstelle des Vorstandes<\/p>\n<p>Postanschrift: 50964 K\u00f6ln<\/p>\n<p>Telefon: +49 (221) 3673-3673<\/p>\n<p>Telefax: +49 (221) 3673-3636<\/p>\n<p>E-Mail:\u00a0<a href=\"mailto:beratung@contergan.bund.de\">beratung@contergan.bund.de<\/a><\/p>\n<p>Internet:\u00a0<a href=\"http:\/\/www.contergan-infoportal.de\/\" target=\"_blank\" rel=\"noopener\" data-saferedirecturl=\"https:\/\/www.google.com\/url?q=http:\/\/www.contergan-infoportal.de\/&amp;source=gmail&amp;ust=1619446254656000&amp;usg=AFQjCNG6Saqm6W1jFImU5_UfdDQruoNfgg\">www.contergan-infoportal.de<\/a><\/p>\n","protected":false},"excerpt":{"rendered":"<p>Sehr geehrte Damen und Herren, &nbsp; wir haben heute folgenden Aktuelles-Beitrag f\u00fcr Sie ver\u00f6ffentlicht: &nbsp; Aus dem\u00a0Erlass\u00a0zur \u201eKlarstellung zu berufsindizierten Impfungen der Priorit\u00e4t 2\u201c des Ministeriums f\u00fcr Arbeit, Gesundheit und Soziales des Landes NRW vom 01.04.2021 geht hervor, dass &nbsp; Menschen mit Assistenzbedarf, die Leistungen der Eingliederungshilfe in Form eines pers\u00f6nlichen Budgets erhalten (\u00a7 29 [&hellip;]<\/p>\n","protected":false},"author":1,"featured_media":5687,"comment_status":"closed","ping_status":"open","sticky":false,"template":"","format":"standard","meta":{"footnotes":""},"categories":[76],"tags":[440,977,1465,1466],"class_list":["post-10172","post","type-post","status-publish","format-standard","has-post-thumbnail","hentry","category-news-archiv","tag-assistenz","tag-corona","tag-covid-19","tag-impfung"],"publishpress_future_action":{"enabled":false,"date":"2026-09-13 15:03:21","action":"change-status","newStatus":"draft","terms":[],"taxonomy":"category","extraData":[]},"publishpress_future_workflow_manual_trigger":{"enabledWorkflows":[]},"_links":{"self":[{"href":"https:\/\/www.contergan-nrw.eu\/index.php?rest_route=\/wp\/v2\/posts\/10172","targetHints":{"allow":["GET"]}}],"collection":[{"href":"https:\/\/www.contergan-nrw.eu\/index.php?rest_route=\/wp\/v2\/posts"}],"about":[{"href":"https:\/\/www.contergan-nrw.eu\/index.php?rest_route=\/wp\/v2\/types\/post"}],"author":[{"embeddable":true,"href":"https:\/\/www.contergan-nrw.eu\/index.php?rest_route=\/wp\/v2\/users\/1"}],"replies":[{"embeddable":true,"href":"https:\/\/www.contergan-nrw.eu\/index.php?rest_route=%2Fwp%2Fv2%2Fcomments&post=10172"}],"version-history":[{"count":2,"href":"https:\/\/www.contergan-nrw.eu\/index.php?rest_route=\/wp\/v2\/posts\/10172\/revisions"}],"predecessor-version":[{"id":10174,"href":"https:\/\/www.contergan-nrw.eu\/index.php?rest_route=\/wp\/v2\/posts\/10172\/revisions\/10174"}],"wp:featuredmedia":[{"embeddable":true,"href":"https:\/\/www.contergan-nrw.eu\/index.php?rest_route=\/wp\/v2\/media\/5687"}],"wp:attachment":[{"href":"https:\/\/www.contergan-nrw.eu\/index.php?rest_route=%2Fwp%2Fv2%2Fmedia&parent=10172"}],"wp:term":[{"taxonomy":"category","embeddable":true,"href":"https:\/\/www.contergan-nrw.eu\/index.php?rest_route=%2Fwp%2Fv2%2Fcategories&post=10172"},{"taxonomy":"post_tag","embeddable":true,"href":"https:\/\/www.contergan-nrw.eu\/index.php?rest_route=%2Fwp%2Fv2%2Ftags&post=10172"}],"curies":[{"name":"wp","href":"https:\/\/api.w.org\/{rel}","templated":true}]}}