{"id":10054,"date":"2021-03-11T16:14:52","date_gmt":"2021-03-11T15:14:52","guid":{"rendered":"https:\/\/www.contergan-nrw.eu\/?p=10054"},"modified":"2025-12-03T20:06:49","modified_gmt":"2025-12-03T19:06:49","slug":"covid-19-menschen-mit-conterganschaedigung-werden-prioritaer-geimpft","status":"publish","type":"post","link":"https:\/\/www.contergan-nrw.eu\/?p=10054","title":{"rendered":"COVID-19 &#8211; Menschen mit Contergansch\u00e4digung werden priorit\u00e4r geimpft"},"content":{"rendered":"<p style=\"font-weight: 400;\">Sehr geehrte Damen und Herren,<\/p>\n<p style=\"font-weight: 400;\">Die neue<a href=\"https:\/\/www.bundesanzeiger.de\/pub\/publication\/wLki5gXI6xbK7R2MKTr\/content\/wLki5gXI6xbK7R2MKTr\/BAnz%20AT%2011.03.2021%20V1.pdf?inline\" data-saferedirecturl=\"https:\/\/www.google.com\/url?q=https:\/\/www.bundesanzeiger.de\/pub\/publication\/wLki5gXI6xbK7R2MKTr\/content\/wLki5gXI6xbK7R2MKTr\/BAnz%2520AT%252011.03.2021%2520V1.pdf?inline&amp;source=gmail&amp;ust=1615562003258000&amp;usg=AFQjCNHD1B9bACWOcMaA-JEylfRnjnLknw\">\u00a0Corona-Impfverordnung (CoronaImpfV)<\/a>\u00a0vom 11.03.2021 sieht vor, dass Menschen mit Contergansch\u00e4digung mit hoher Priorit\u00e4t zu impfen sind (\u00a7 3 Abs. 1 Nr. 2a CoronaImpfV). Ein Antrag auf\u00a0eine Einzelfallentscheidung ist somit nicht mehr n\u00f6tig.<\/p>\n<p style=\"font-weight: 400;\">Wie bereits im Rahmen vergangener Meldungen berichtet, erreichen die Conterganstiftung eine Vielzahl von Anfragen zum Thema \u201eCorona-Pandemie\u201c. Ein Themenpunkt dieser Anfragen war und ist das Thema der priorit\u00e4ren Impfung.<\/p>\n<p style=\"font-weight: 400;\">Um die Betroffenen in diesem Anliegen zu unterst\u00fctzen, kontaktierten Vorstand und Gesch\u00e4ftsstelle der Conterganstiftung das Bundesministerium f\u00fcr Gesundheit (BMG), die St\u00e4ndige Impfkommission sowie das Paul-Ehrlich-Institut (CIP berichtete am\u00a0<a href=\"https:\/\/www.contergan-infoportal.de\/aktuelles\/covid-19-prioritaere-impfmoeglichkeit-fuer-menschen-mit-conterganschaedigung\/\" data-saferedirecturl=\"https:\/\/www.google.com\/url?q=https:\/\/www.contergan-infoportal.de\/aktuelles\/covid-19-prioritaere-impfmoeglichkeit-fuer-menschen-mit-conterganschaedigung\/&amp;source=gmail&amp;ust=1615562003258000&amp;usg=AFQjCNHrsBkj7WNwqU0y9R4MznmrJqOSOQ\">03.12.2021<\/a>,\u00a0<a href=\"https:\/\/www.contergan-infoportal.de\/aktuelles\/covid-19-conterganstiftung-wendet-sich-erneut-an-bundesministerium-fuer-gesundheit-bmg-und-paul-ehrlich-institut\/\" data-saferedirecturl=\"https:\/\/www.google.com\/url?q=https:\/\/www.contergan-infoportal.de\/aktuelles\/covid-19-conterganstiftung-wendet-sich-erneut-an-bundesministerium-fuer-gesundheit-bmg-und-paul-ehrlich-institut\/&amp;source=gmail&amp;ust=1615562003258000&amp;usg=AFQjCNGWjNAW2v7KGRhOr-i263yuA50JDw\">21.01.2021<\/a>\u00a0und\u00a0<a href=\"https:\/\/www.contergan-infoportal.de\/aktuelles\/covid-19-conterganstiftung-erhaelt-antwort-des-bundesministeriums-fuer-gesundheit-bmg\/\" data-saferedirecturl=\"https:\/\/www.google.com\/url?q=https:\/\/www.contergan-infoportal.de\/aktuelles\/covid-19-conterganstiftung-erhaelt-antwort-des-bundesministeriums-fuer-gesundheit-bmg\/&amp;source=gmail&amp;ust=1615562003258000&amp;usg=AFQjCNEPjjZ8_aGh9R_ZMnhBHnR9VUJcsQ\">10.02.2021<\/a>). Gleichzeitig erfolgte ein Anschreiben an alle Gesundheitsministerien der einzelnen Bundesl\u00e4nder, welches unter Ausf\u00fchrungen zu den drei Faktoren<\/p>\n<ul style=\"font-weight: 400;\">\n<li>Benachteiligung bei Schutzma\u00dfnahmen<\/li>\n<li>Hohe Behandlungskomplexit\u00e4t<\/li>\n<li>Verminderter Gesundheitszustand<\/li>\n<\/ul>\n<p style=\"font-weight: 400;\">eine priorit\u00e4re Impfm\u00f6glichkeit der Menschen mit Contergansch\u00e4digung f\u00fcr geboten hielt. Das Schreiben (exemplarisch f\u00fcr das Bundesland NRW) k\u00f6nnen Sie bei Interesse\u00a0hier\u00a0einsehen.<\/p>\n<p style=\"font-weight: 400;\">F\u00fcr etwaige Fragen zum Thema \u201eCorona-Pandemie\u201c steht Ihnen der Beratungsbereich der Conterganstiftung gerne zur Verf\u00fcgung (E-Mail:\u00a0<a href=\"mailto:beratung@contergan.bund.de\">beratung@contergan.bund.de<\/a>\u00a0\/ Telefon: 0221 3673-3673).<\/p>\n<p style=\"font-weight: 400;\">Diesen gleichlautenden Beitrag k\u00f6nnen Sie auch auf unserem Contergan-Infoportal aufrufen unter:<\/p>\n<p style=\"font-weight: 400;\"><a href=\"https:\/\/www.contergan-infoportal.de\/aktuelles\/covid-19-menschen-mit-conterganschaedigung-werden-prioritaer-geimpft\/\" data-saferedirecturl=\"https:\/\/www.google.com\/url?q=https:\/\/www.contergan-infoportal.de\/aktuelles\/covid-19-menschen-mit-conterganschaedigung-werden-prioritaer-geimpft\/&amp;source=gmail&amp;ust=1615562003258000&amp;usg=AFQjCNEqTzLNeoa0hdtp9uAQ84PwwYANRg\">https:\/\/www.contergan-infoportal.de\/aktuelles\/covid-19-menschen-mit-conterganschaedigung-werden-prioritaer-geimpft\/<\/a><\/p>\n<p style=\"font-weight: 400;\">Mit freundlichen Gr\u00fc\u00dfen<\/p>\n<p style=\"font-weight: 400;\">Lena Kringels<\/p>\n<p style=\"font-weight: 400;\">Conterganstiftung f\u00fcr<br \/>\nbehinderte Menschen<br \/>\nGesch\u00e4ftsstelle\u00a0des Vorstandes<\/p>\n<p style=\"font-weight: 400;\">Postanschrift: 50964 K\u00f6ln<\/p>\n<p style=\"font-weight: 400;\">Telefon: +49 (221) 3673-3314<\/p>\n<p style=\"font-weight: 400;\">Fax: +49 (221) 3673-3636<\/p>\n<p style=\"font-weight: 400;\">E-Mail:\u00a0<a href=\"mailto:lena.kringels@contergan.bund.de\">lena.kringels@contergan.bund.de<\/a><\/p>\n<p style=\"font-weight: 400;\">Internet:\u00a0<a href=\"http:\/\/www.contergan-infoportal.de\/\" data-saferedirecturl=\"https:\/\/www.google.com\/url?q=http:\/\/www.contergan-infoportal.de\/&amp;source=gmail&amp;ust=1615562003258000&amp;usg=AFQjCNEqzYJUaMBNmUNMQsU5FdoYKEx8qQ\">www.contergan-infoportal.de<\/a><\/p>\n","protected":false},"excerpt":{"rendered":"<p>Sehr geehrte Damen und Herren, Die neue\u00a0Corona-Impfverordnung (CoronaImpfV)\u00a0vom 11.03.2021 sieht vor, dass Menschen mit Contergansch\u00e4digung mit hoher Priorit\u00e4t zu impfen sind (\u00a7 3 Abs. 1 Nr. 2a CoronaImpfV). Ein Antrag auf\u00a0eine Einzelfallentscheidung ist somit nicht mehr n\u00f6tig. Wie bereits im Rahmen vergangener Meldungen berichtet, erreichen die Conterganstiftung eine Vielzahl von Anfragen zum Thema \u201eCorona-Pandemie\u201c. Ein [&hellip;]<\/p>\n","protected":false},"author":1,"featured_media":5687,"comment_status":"closed","ping_status":"open","sticky":false,"template":"","format":"standard","meta":{"footnotes":""},"categories":[76],"tags":[977,1464,1465,1466],"class_list":["post-10054","post","type-post","status-publish","format-standard","has-post-thumbnail","hentry","category-news-archiv","tag-corona","tag-covid","tag-covid-19","tag-impfung"],"publishpress_future_action":{"enabled":false,"date":"2026-09-13 19:21:15","action":"change-status","newStatus":"draft","terms":[],"taxonomy":"category","extraData":[]},"publishpress_future_workflow_manual_trigger":{"enabledWorkflows":[]},"_links":{"self":[{"href":"https:\/\/www.contergan-nrw.eu\/index.php?rest_route=\/wp\/v2\/posts\/10054","targetHints":{"allow":["GET"]}}],"collection":[{"href":"https:\/\/www.contergan-nrw.eu\/index.php?rest_route=\/wp\/v2\/posts"}],"about":[{"href":"https:\/\/www.contergan-nrw.eu\/index.php?rest_route=\/wp\/v2\/types\/post"}],"author":[{"embeddable":true,"href":"https:\/\/www.contergan-nrw.eu\/index.php?rest_route=\/wp\/v2\/users\/1"}],"replies":[{"embeddable":true,"href":"https:\/\/www.contergan-nrw.eu\/index.php?rest_route=%2Fwp%2Fv2%2Fcomments&post=10054"}],"version-history":[{"count":3,"href":"https:\/\/www.contergan-nrw.eu\/index.php?rest_route=\/wp\/v2\/posts\/10054\/revisions"}],"predecessor-version":[{"id":10056,"href":"https:\/\/www.contergan-nrw.eu\/index.php?rest_route=\/wp\/v2\/posts\/10054\/revisions\/10056"}],"wp:featuredmedia":[{"embeddable":true,"href":"https:\/\/www.contergan-nrw.eu\/index.php?rest_route=\/wp\/v2\/media\/5687"}],"wp:attachment":[{"href":"https:\/\/www.contergan-nrw.eu\/index.php?rest_route=%2Fwp%2Fv2%2Fmedia&parent=10054"}],"wp:term":[{"taxonomy":"category","embeddable":true,"href":"https:\/\/www.contergan-nrw.eu\/index.php?rest_route=%2Fwp%2Fv2%2Fcategories&post=10054"},{"taxonomy":"post_tag","embeddable":true,"href":"https:\/\/www.contergan-nrw.eu\/index.php?rest_route=%2Fwp%2Fv2%2Ftags&post=10054"}],"curies":[{"name":"wp","href":"https:\/\/api.w.org\/{rel}","templated":true}]}}