{"id":10029,"date":"2021-03-02T13:47:28","date_gmt":"2021-03-02T12:47:28","guid":{"rendered":"https:\/\/www.contergan-nrw.eu\/?p=10029"},"modified":"2025-12-03T20:00:31","modified_gmt":"2025-12-03T19:00:31","slug":"einladung-zum-online-austausch-zum-thema-pflege-am-8-03-2021-von-1100-1300","status":"publish","type":"post","link":"https:\/\/www.contergan-nrw.eu\/?p=10029","title":{"rendered":"Einladung zum Online Austausch zum  Thema Pflege  Am 8.03.2021 von 11:00 &#8211; 13:00"},"content":{"rendered":"<p style=\"font-weight: 400;\">Hallo zusammen,<\/p>\n<p style=\"font-weight: 400;\">um weiter mit Euch im Kontakt bleiben zu k\u00f6nnen, bieten wir nochmal einen Online Austausch zum Thema Pflege an. Ich stelle mich einmal kurz vor: mein Name ist Nicole Soppa und ich besch\u00e4ftige mich mit dem Bereich der Pflege.<\/p>\n<p style=\"font-weight: 400;\">Lasst uns \u00fcber das Thema Pflege sprechen, denn es umfasst sehr viele Bereiche, \u00fcber die wir uns gemeinsam austauschen k\u00f6nnen.<\/p>\n<p style=\"font-weight: 400;\">Wor\u00fcber k\u00f6nnen wir uns z.B. \u00a0austauschen:<\/p>\n<p style=\"font-weight: 400;\">Wenn \u201c<strong><em>DER MDK\u201c<\/em><\/strong>\u00a0pr\u00fcft, \u00a0stellt sich oftmals die Frage, bin ich richtig eingestuft oder habe ich die Chance auf eine H\u00f6herstufung? Welche Leistungen stehen mir zu von der Pflegeversicherung, wenn ich bereits einen Pflegegrad zuerkannt bekommen habe? Oder ich habe noch keinen Pflegegrad und \u00fcberlege noch, wie ich das am besten angehen soll&#8230; Das sind alles nur Beispiele, die ich hier benenne, \u00fcber die wir sprechen k\u00f6nnen. \u00a0Es handelt sich um einen reinen online-Austausch. Bringt eure Anliegen und Erfahrungen gerne mit ein.<\/p>\n<p style=\"font-weight: 400;\">Ich freue mich auf euch.<\/p>\n<p style=\"font-weight: 400;\">Wann soll das stattfinden?<\/p>\n<p style=\"font-weight: 400;\"><strong><em>Am 8.03.2021 von 11- 13 Uhr<\/em><\/strong><\/p>\n<p style=\"font-weight: 400;\">Wir nutzen eine Videoplattform, \u00fcber die wir uns sehen und h\u00f6ren k\u00f6nnen. Ein Download ist nicht erforderlich. Weiterer Informationen und eine Anmeldebest\u00e4tigung erhaltet Ihr nach der Anmeldung von mir als E-Mail.<\/p>\n<p style=\"font-weight: 400;\">Also wer Lust und Zeit hat, meldet sich gerne direkt bei mir an.<\/p>\n<p style=\"font-weight: 400;\">Anmeldung unter:\u00a0<a href=\"mailto:n.soppa@contergan-nrw-peer-to-peer.eu\">n.soppa@contergan-nrw-peer-to-peer.eu<\/a><\/p>\n<p style=\"font-weight: 400;\">Liebe Gr\u00fc\u00dfe Nicole Soppa<\/p>\n<p style=\"font-weight: 400;\">Interessenverband Contergangesch\u00e4digter<\/p>\n<p style=\"font-weight: 400;\">Nordrhein-Westfalen e.V.<\/p>\n<p style=\"font-weight: 400;\">Hilfswerk f\u00fcr vorgeburtlich Gesch\u00e4digte<\/p>\n<p style=\"font-weight: 400;\">Peer-to-Peer Beratungsangebot<\/p>\n<p style=\"font-weight: 400;\">Pflegefachkraft<\/p>\n<p style=\"font-weight: 400;\">Nicole Soppa<br \/>\nMobil: +49 16098647931<br \/>\nE-Mail:\u00a0<a href=\"mailto:n.soppa@contergan-nrw-peer-to-peer.eu\">n.soppa@contergan-nrw-peer-to-peer.eu<\/a><\/p>\n<p style=\"font-weight: 400;\">Web:\u00a0<a href=\"http:\/\/2026.contergan-nrw.eu\/\" data-saferedirecturl=\"https:\/\/www.google.com\/url?q=http:\/\/2026.contergan-nrw.eu\/&amp;source=gmail&amp;ust=1614775522479000&amp;usg=AFQjCNGjfuYwU67vwhh1gPyWIqF0GEvAMQ\">www.contergan-nrw.eu<\/a><\/p>\n","protected":false},"excerpt":{"rendered":"<p>Hallo zusammen, um weiter mit Euch im Kontakt bleiben zu k\u00f6nnen, bieten wir nochmal einen Online Austausch zum Thema Pflege an. Ich stelle mich einmal kurz vor: mein Name ist Nicole Soppa und ich besch\u00e4ftige mich mit dem Bereich der Pflege. Lasst uns \u00fcber das Thema Pflege sprechen, denn es umfasst sehr viele Bereiche, \u00fcber [&hellip;]<\/p>\n","protected":false},"author":1,"featured_media":5687,"comment_status":"closed","ping_status":"open","sticky":false,"template":"","format":"standard","meta":{"footnotes":""},"categories":[389],"tags":[1495,1378,439],"class_list":["post-10029","post","type-post","status-publish","format-standard","has-post-thumbnail","hentry","category-veranstaltungs-archiv","tag-mdk","tag-online","tag-pflege"],"publishpress_future_action":{"enabled":false,"date":"2026-09-13 14:29:21","action":"change-status","newStatus":"draft","terms":[],"taxonomy":"category","extraData":[]},"publishpress_future_workflow_manual_trigger":{"enabledWorkflows":[]},"_links":{"self":[{"href":"https:\/\/www.contergan-nrw.eu\/index.php?rest_route=\/wp\/v2\/posts\/10029","targetHints":{"allow":["GET"]}}],"collection":[{"href":"https:\/\/www.contergan-nrw.eu\/index.php?rest_route=\/wp\/v2\/posts"}],"about":[{"href":"https:\/\/www.contergan-nrw.eu\/index.php?rest_route=\/wp\/v2\/types\/post"}],"author":[{"embeddable":true,"href":"https:\/\/www.contergan-nrw.eu\/index.php?rest_route=\/wp\/v2\/users\/1"}],"replies":[{"embeddable":true,"href":"https:\/\/www.contergan-nrw.eu\/index.php?rest_route=%2Fwp%2Fv2%2Fcomments&post=10029"}],"version-history":[{"count":2,"href":"https:\/\/www.contergan-nrw.eu\/index.php?rest_route=\/wp\/v2\/posts\/10029\/revisions"}],"predecessor-version":[{"id":10031,"href":"https:\/\/www.contergan-nrw.eu\/index.php?rest_route=\/wp\/v2\/posts\/10029\/revisions\/10031"}],"wp:featuredmedia":[{"embeddable":true,"href":"https:\/\/www.contergan-nrw.eu\/index.php?rest_route=\/wp\/v2\/media\/5687"}],"wp:attachment":[{"href":"https:\/\/www.contergan-nrw.eu\/index.php?rest_route=%2Fwp%2Fv2%2Fmedia&parent=10029"}],"wp:term":[{"taxonomy":"category","embeddable":true,"href":"https:\/\/www.contergan-nrw.eu\/index.php?rest_route=%2Fwp%2Fv2%2Fcategories&post=10029"},{"taxonomy":"post_tag","embeddable":true,"href":"https:\/\/www.contergan-nrw.eu\/index.php?rest_route=%2Fwp%2Fv2%2Ftags&post=10029"}],"curies":[{"name":"wp","href":"https:\/\/api.w.org\/{rel}","templated":true}]}}