{"id":10002,"date":"2021-02-22T21:47:34","date_gmt":"2021-02-22T20:47:34","guid":{"rendered":"https:\/\/www.contergan-nrw.eu\/?p=10002"},"modified":"2025-12-03T20:04:24","modified_gmt":"2025-12-03T19:04:24","slug":"evaluation-jahressonderzahlung","status":"publish","type":"post","link":"https:\/\/www.contergan-nrw.eu\/?p=10002","title":{"rendered":"Evaluation Jahressonderzahlung"},"content":{"rendered":"<p><span data-originalfontsize=\"11pt\" data-originalcomputedfontsize=\"14.666666984558105\">Hallo zusammen,\u00a0<\/span><\/p>\n<p><span data-originalfontsize=\"11pt\" data-originalcomputedfontsize=\"14.666666984558105\">zurzeit \u00fcberlegen die Conterganstiftung, das Ministerium und unsere Bundestagsabgeordneten gemeinsam, die Sonderzahlung (wird im M\u00e4rz ausgezahlt, von Gr\u00fcnenthal) und evtl. Teile vom Kapitalstock der Conterganstiftung an uns vorzeitig als einmalige Zahlung fr\u00fchestens in 2022 auszuzahlen.<\/span><\/p>\n<p>&nbsp;<\/p>\n<p><span data-originalfontsize=\"11pt\" data-originalcomputedfontsize=\"14.666666984558105\">Daher wurde das Fraunhofer Institut damit beauftragt, m\u00f6gliche Szenarien auszurechnen.\u00a0<\/span><\/p>\n<p>&nbsp;<\/p>\n<p><span data-originalfontsize=\"11pt\" data-originalcomputedfontsize=\"14.666666984558105\">Das Ergebnis m\u00f6chten wir Euch mit Erlaubnis des Ministeriums, Frau K\u00fcrschner, gerne weitergeben!\u00a0<\/span><\/p>\n<p>&nbsp;<\/p>\n<p><a href=\"http:\/\/2026.contergan-nrw.eu\/wp-content\/uploads\/2021\/02\/Fragen-an-Fraunhofer_Institut.pdf\">Fragen an Fraunhofer_Institut<\/a> <a href=\"http:\/\/2026.contergan-nrw.eu\/wp-content\/uploads\/2021\/02\/Evaluation-Jahressonderzahlungen-2020_Fragen_4_5_7.pdf\">Evaluation Jahressonderzahlungen 2020_Fragen_4_5_7<\/a><\/p>\n<p><a href=\"http:\/\/2026.contergan-nrw.eu\/wp-content\/uploads\/2021\/02\/Evaluation-Jahressonderzahlungen-2020_Fragen_4_5_7.pdf\">Evaluation Jahressonderzahlungen 2020_Fragen_4_5_7<\/a><\/p>\n<p><a href=\"http:\/\/2026.contergan-nrw.eu\/wp-content\/uploads\/2021\/02\/Evaluation-Jahressonderzahlungen-2020_reduzierte-groesse.pdf\">Evaluation Jahressonderzahlungen 2020_reduzierte groesse<\/a><\/p>\n<p>&nbsp;<\/p>\n<p>&nbsp;<\/p>\n<p><span data-originalfontsize=\"11pt\" data-originalcomputedfontsize=\"14.666666984558105\">Ob es dazu kommt und welche L\u00f6sung gew\u00e4hlt wird, h\u00e4ngt von vielen Faktoren ab. Auf jeden Fall muss f\u00fcr die Auszahlung das Gesetz ge\u00e4ndert werden!\u00a0<\/span><\/p>\n<p>&nbsp;<\/p>\n<p><span data-originalfontsize=\"11pt\" data-originalcomputedfontsize=\"14.666666984558105\">Wir arbeiten dran und werden Euch auf dem Laufenden halten, wenn es Fakten dazu gibt! \u201eWasserstandsmeldungen\u201c und Spekulationen\u00a0werdet Ihr von uns nicht erhalten.\u00a0<\/span><\/p>\n<p>&nbsp;<\/p>\n<p><span data-originalfontsize=\"11pt\" data-originalcomputedfontsize=\"14.666666984558105\">Aber es ist auf jeden Fall gesichert, dass die Conterganstiftung dadurch NICHT gef\u00e4hrdet ist, die Renten NICHT gef\u00e4hrdet sind,\u00a0egal was andere sagen und sogar versuchen, Euch Angst zu machen!\u00a0<\/span><\/p>\n<p>&nbsp;<\/p>\n<p><span data-originalfontsize=\"11pt\" data-originalcomputedfontsize=\"14.666666984558105\">Ihr k\u00f6nnt Euch gerne direkt an die Stiftung wenden, wenn Ihr hier in Sorge seid!!!<\/span><\/p>\n<p><span data-originalfontsize=\"11pt\" data-originalcomputedfontsize=\"14.666666984558105\">\u201eSehr geehrter Herr Herterich,<\/span><\/p>\n<p><span data-originalfontsize=\"11pt\" data-originalcomputedfontsize=\"14.666666984558105\">vielen Dank f\u00fcr Ihre Anfrage (&#8230;)<\/span><\/p>\n<p><span data-originalfontsize=\"11pt\" data-originalcomputedfontsize=\"14.666666984558105\">Grunds\u00e4tzlich bestehen keine Einw\u00e4nde gegen die Ver\u00f6ffentlichung der Berechnungen des Fraunhofer-Instituts.\u00a0<\/span><\/p>\n<p><span data-originalfontsize=\"11pt\" data-originalcomputedfontsize=\"14.666666984558105\">(&#8230;)<\/span><\/p>\n<p><span data-originalfontsize=\"11pt\" data-originalcomputedfontsize=\"14.666666984558105\">Mit freundlichen Gr\u00fc\u00dfen<\/span><\/p>\n<p><span data-originalfontsize=\"11pt\" data-originalcomputedfontsize=\"14.666666984558105\">im Auftrag<\/span><\/p>\n<p><span data-originalfontsize=\"11pt\" data-originalcomputedfontsize=\"14.666666984558105\">Dr. Sylvia K\u00fcrschner<\/span><\/p>\n<p><span data-originalfontsize=\"11pt\" data-originalcomputedfontsize=\"14.666666984558105\">Ministerialr\u00e4tin<\/span><\/p>\n<p><span data-originalfontsize=\"11pt\" data-originalcomputedfontsize=\"14.666666984558105\">Leiterin des Referats Stiftungen<\/span><\/p>\n<p><span data-originalfontsize=\"11pt\" data-originalcomputedfontsize=\"14.666666984558105\">&#8211; Bundesstiftung Mutter und Kind, Conterganstiftung \u2013<\/span><\/p>\n<p><span data-originalfontsize=\"11pt\" data-originalcomputedfontsize=\"14.666666984558105\">Abteilung 4<\/span><\/p>\n<p><span data-originalfontsize=\"11pt\" data-originalcomputedfontsize=\"14.666666984558105\">Bundesministerium f\u00fcr\u00a0<\/span><\/p>\n<p><span data-originalfontsize=\"11pt\" data-originalcomputedfontsize=\"14.666666984558105\">Familie, Senioren, Frauen und Jugend\u201c<\/span><\/p>\n<p>&nbsp;<\/p>\n<p><span data-originalfontsize=\"11pt\" data-originalcomputedfontsize=\"14.666666984558105\">Herzliche Gr\u00fc\u00dfe<\/span><\/p>\n<p><span data-originalfontsize=\"11pt\" data-originalcomputedfontsize=\"14.666666984558105\">Udo<\/span><\/p>\n<p>&nbsp;<\/p>\n","protected":false},"excerpt":{"rendered":"<p>Hallo zusammen,\u00a0 zurzeit \u00fcberlegen die Conterganstiftung, das Ministerium und unsere Bundestagsabgeordneten gemeinsam, die Sonderzahlung (wird im M\u00e4rz ausgezahlt, von Gr\u00fcnenthal) und evtl. Teile vom Kapitalstock der Conterganstiftung an uns vorzeitig als einmalige Zahlung fr\u00fchestens in 2022 auszuzahlen. &nbsp; Daher wurde das Fraunhofer Institut damit beauftragt, m\u00f6gliche Szenarien auszurechnen.\u00a0 &nbsp; Das Ergebnis m\u00f6chten wir Euch mit [&hellip;]<\/p>\n","protected":false},"author":1,"featured_media":5687,"comment_status":"closed","ping_status":"open","sticky":false,"template":"","format":"standard","meta":{"footnotes":""},"categories":[76],"tags":[1493,1396,1492],"class_list":["post-10002","post","type-post","status-publish","format-standard","has-post-thumbnail","hentry","category-news-archiv","tag-evaluierung","tag-rente","tag-sonderzahlung"],"publishpress_future_action":{"enabled":false,"date":"2026-09-13 16:13:13","action":"change-status","newStatus":"draft","terms":[],"taxonomy":"category","extraData":[]},"publishpress_future_workflow_manual_trigger":{"enabledWorkflows":[]},"_links":{"self":[{"href":"https:\/\/www.contergan-nrw.eu\/index.php?rest_route=\/wp\/v2\/posts\/10002","targetHints":{"allow":["GET"]}}],"collection":[{"href":"https:\/\/www.contergan-nrw.eu\/index.php?rest_route=\/wp\/v2\/posts"}],"about":[{"href":"https:\/\/www.contergan-nrw.eu\/index.php?rest_route=\/wp\/v2\/types\/post"}],"author":[{"embeddable":true,"href":"https:\/\/www.contergan-nrw.eu\/index.php?rest_route=\/wp\/v2\/users\/1"}],"replies":[{"embeddable":true,"href":"https:\/\/www.contergan-nrw.eu\/index.php?rest_route=%2Fwp%2Fv2%2Fcomments&post=10002"}],"version-history":[{"count":3,"href":"https:\/\/www.contergan-nrw.eu\/index.php?rest_route=\/wp\/v2\/posts\/10002\/revisions"}],"predecessor-version":[{"id":10014,"href":"https:\/\/www.contergan-nrw.eu\/index.php?rest_route=\/wp\/v2\/posts\/10002\/revisions\/10014"}],"wp:featuredmedia":[{"embeddable":true,"href":"https:\/\/www.contergan-nrw.eu\/index.php?rest_route=\/wp\/v2\/media\/5687"}],"wp:attachment":[{"href":"https:\/\/www.contergan-nrw.eu\/index.php?rest_route=%2Fwp%2Fv2%2Fmedia&parent=10002"}],"wp:term":[{"taxonomy":"category","embeddable":true,"href":"https:\/\/www.contergan-nrw.eu\/index.php?rest_route=%2Fwp%2Fv2%2Fcategories&post=10002"},{"taxonomy":"post_tag","embeddable":true,"href":"https:\/\/www.contergan-nrw.eu\/index.php?rest_route=%2Fwp%2Fv2%2Ftags&post=10002"}],"curies":[{"name":"wp","href":"https:\/\/api.w.org\/{rel}","templated":true}]}}